{"id":4960,"date":"2020-10-11T12:46:59","date_gmt":"2020-10-11T10:46:59","guid":{"rendered":"http:\/\/www.ckc-innsbruck.at\/home\/?p=4960"},"modified":"2020-11-28T18:43:32","modified_gmt":"2020-11-28T17:43:32","slug":"ckc-paddelwoche","status":"publish","type":"post","link":"https:\/\/www.ckc-innsbruck.at\/home\/?p=4960","title":{"rendered":"CKC-Paddelwoche"},"content":{"rendered":"<p>Juli 2019. Alle Jahre wieder zieht es uns nach Ober\u00f6sterreich.<br \/>\nIn unmittelbarer N\u00e4he zum wundersch\u00f6nen Stausee Klaus bewohnen wir eine rustikale H\u00fctte inmitten einer Waldlichtung bzw. haben dort unsere Zelte aufgeschlagen. Einige sch\u00f6ne Fl\u00fcsse in der N\u00e4he (Teichl, Steyr oder Traun) lassen das Paddlerherz h\u00f6her schlagen.<\/p>\n<p>Wenn ihr Vereinsmitglieder seid oder noch werden m\u00f6chtet, k\u00f6nnt ihr euch schon die erste Ferienwoche im Sommer eintragen.<br \/>\nF\u00fcr alle Neulinge wird jedes Jahr im voraus ein Schnupperkurs zum Erlernen des Kanufahrens veranstaltet.<br \/>\nAktuelle Informationen bekommt ihr daf\u00fcr zeitnah auf unserer Homepage.<\/p>\n<p>Nachdem aber Bilder mehr sagen als Worte schaut euch am besten das Video an.<\/p>\n<p><iframe loading=\"lazy\" src=\"https:\/\/www.youtube.com\/embed\/iZSRoFb0cjQ\" width=\"560\" height=\"315\" frameborder=\"0\" allowfullscreen=\"allowfullscreen\"><\/iframe><\/p>\n<p><span style=\"font-size: 8pt;\">Text &amp; Video: Gerhard<\/span><\/p>\n<hr \/>\n<p>Juli 2015. Ein allj\u00e4hrlicher H\u00f6hepunkt des Vereins ist die Paddelwoche in St. Pankraz. Eine ganze Woche in wundersch\u00f6nster Natur mit vielf\u00e4ltigen Paddel- und Wanderm\u00f6glichkeiten, zudem reichlich Gelegenheit nette Leute besser kennen zu lernen oder einfach nur die Seele baumeln zu lassen.<\/p>\n<p>Die\u00a0Boote werden verladen,\u00a0auch fl\u00fcssige Nahrung darf nicht fehlen.<\/p>\n\n\t\t<style type=\"text\/css\">\n\t\t\t#gallery-1 {\n\t\t\t\tmargin: auto;\n\t\t\t}\n\t\t\t#gallery-1 .gallery-item {\n\t\t\t\tfloat: left;\n\t\t\t\tmargin-top: 10px;\n\t\t\t\ttext-align: center;\n\t\t\t\twidth: 33%;\n\t\t\t}\n\t\t\t#gallery-1 img {\n\t\t\t\tborder: 2px solid #cfcfcf;\n\t\t\t}\n\t\t\t#gallery-1 .gallery-caption {\n\t\t\t\tmargin-left: 0;\n\t\t\t}\n\t\t\t\/* see gallery_shortcode() in wp-includes\/media.php *\/\n\t\t<\/style>\n\t\t<div id='gallery-1' class='gallery galleryid-4960 gallery-columns-3 gallery-size-thumbnail'><dl class='gallery-item'>\n\t\t\t<dt class='gallery-icon landscape'>\n\t\t\t\t<a href='https:\/\/www.ckc-innsbruck.at\/home\/wp-content\/uploads\/2015\/10\/005-IMG_4854.jpg'><img width=\"150\" height=\"113\" src=\"https:\/\/www.ckc-innsbruck.at\/home\/wp-content\/uploads\/2015\/10\/005-IMG_4854-150x113.jpg\" class=\"attachment-thumbnail size-thumbnail\" alt=\"Die Boote werden verladen...\" decoding=\"async\" loading=\"lazy\" srcset=\"https:\/\/www.ckc-innsbruck.at\/home\/wp-content\/uploads\/2015\/10\/005-IMG_4854-150x113.jpg 150w, https:\/\/www.ckc-innsbruck.at\/home\/wp-content\/uploads\/2015\/10\/005-IMG_4854-300x225.jpg 300w, https:\/\/www.ckc-innsbruck.at\/home\/wp-content\/uploads\/2015\/10\/005-IMG_4854.jpg 800w\" sizes=\"(max-width: 150px) 100vw, 150px\" \/><\/a>\n\t\t\t<\/dt><\/dl><dl class='gallery-item'>\n\t\t\t<dt class='gallery-icon landscape'>\n\t\t\t\t<a href='https:\/\/www.ckc-innsbruck.at\/home\/wp-content\/uploads\/2015\/10\/003-IMG_4850.jpg'><img width=\"150\" height=\"113\" src=\"https:\/\/www.ckc-innsbruck.at\/home\/wp-content\/uploads\/2015\/10\/003-IMG_4850-150x113.jpg\" class=\"attachment-thumbnail size-thumbnail\" alt=\"...auch fl\u00fcssige Nahrung darf nicht fehlen\" decoding=\"async\" loading=\"lazy\" srcset=\"https:\/\/www.ckc-innsbruck.at\/home\/wp-content\/uploads\/2015\/10\/003-IMG_4850-150x113.jpg 150w, https:\/\/www.ckc-innsbruck.at\/home\/wp-content\/uploads\/2015\/10\/003-IMG_4850-300x225.jpg 300w, https:\/\/www.ckc-innsbruck.at\/home\/wp-content\/uploads\/2015\/10\/003-IMG_4850.jpg 800w\" sizes=\"(max-width: 150px) 100vw, 150px\" \/><\/a>\n\t\t\t<\/dt><\/dl><dl class='gallery-item'>\n\t\t\t<dt class='gallery-icon landscape'>\n\t\t\t\t<a href='https:\/\/www.ckc-innsbruck.at\/home\/wp-content\/uploads\/2015\/10\/006-IMG_4855.jpg'><img width=\"150\" height=\"113\" src=\"https:\/\/www.ckc-innsbruck.at\/home\/wp-content\/uploads\/2015\/10\/006-IMG_4855-150x113.jpg\" class=\"attachment-thumbnail size-thumbnail\" alt=\"Unsere Reise f\u00fchrt uns nach St. Pankraz in Ober\u00f6sterreich\" decoding=\"async\" loading=\"lazy\" srcset=\"https:\/\/www.ckc-innsbruck.at\/home\/wp-content\/uploads\/2015\/10\/006-IMG_4855-150x113.jpg 150w, https:\/\/www.ckc-innsbruck.at\/home\/wp-content\/uploads\/2015\/10\/006-IMG_4855-300x225.jpg 300w, https:\/\/www.ckc-innsbruck.at\/home\/wp-content\/uploads\/2015\/10\/006-IMG_4855.jpg 800w\" sizes=\"(max-width: 150px) 100vw, 150px\" \/><\/a>\n\t\t\t<\/dt><\/dl><br style=\"clear: both\" \/>\n\t\t<\/div>\n\n<p>Unsere Reise f\u00fchrt nach St. Pankraz in Ober\u00f6sterreich. Der kleine Ort liegt an der Phyrnpassstra\u00dfe, unweit der\u00a0steirischen\u00a0Grenze.\u00a0Quartier finden wir in einem Vereinshaus, das sowohl Betten wie Platz f\u00fcr Zelte bietet. \u00a0Die erste Wasserber\u00fchrung bietet sich in unmittelbarer N\u00e4he an, dem\u00a0Stausee Klaus.<\/p>\n\n\t\t<style type=\"text\/css\">\n\t\t\t#gallery-2 {\n\t\t\t\tmargin: auto;\n\t\t\t}\n\t\t\t#gallery-2 .gallery-item {\n\t\t\t\tfloat: left;\n\t\t\t\tmargin-top: 10px;\n\t\t\t\ttext-align: center;\n\t\t\t\twidth: 33%;\n\t\t\t}\n\t\t\t#gallery-2 img {\n\t\t\t\tborder: 2px solid #cfcfcf;\n\t\t\t}\n\t\t\t#gallery-2 .gallery-caption {\n\t\t\t\tmargin-left: 0;\n\t\t\t}\n\t\t\t\/* see gallery_shortcode() in wp-includes\/media.php *\/\n\t\t<\/style>\n\t\t<div id='gallery-2' class='gallery galleryid-4960 gallery-columns-3 gallery-size-thumbnail'><dl class='gallery-item'>\n\t\t\t<dt class='gallery-icon landscape'>\n\t\t\t\t<a href='https:\/\/www.ckc-innsbruck.at\/home\/wp-content\/uploads\/2015\/10\/St.-Pankraz-Homepage-comp015-IMG_4871St.-Pankraz-comp.jpg'><img width=\"150\" height=\"136\" src=\"https:\/\/www.ckc-innsbruck.at\/home\/wp-content\/uploads\/2015\/10\/St.-Pankraz-Homepage-comp015-IMG_4871St.-Pankraz-comp-150x136.jpg\" class=\"attachment-thumbnail size-thumbnail\" alt=\"\" decoding=\"async\" loading=\"lazy\" srcset=\"https:\/\/www.ckc-innsbruck.at\/home\/wp-content\/uploads\/2015\/10\/St.-Pankraz-Homepage-comp015-IMG_4871St.-Pankraz-comp-150x136.jpg 150w, https:\/\/www.ckc-innsbruck.at\/home\/wp-content\/uploads\/2015\/10\/St.-Pankraz-Homepage-comp015-IMG_4871St.-Pankraz-comp-300x272.jpg 300w, https:\/\/www.ckc-innsbruck.at\/home\/wp-content\/uploads\/2015\/10\/St.-Pankraz-Homepage-comp015-IMG_4871St.-Pankraz-comp.jpg 800w\" sizes=\"(max-width: 150px) 100vw, 150px\" \/><\/a>\n\t\t\t<\/dt><\/dl><dl class='gallery-item'>\n\t\t\t<dt class='gallery-icon landscape'>\n\t\t\t\t<a href='https:\/\/www.ckc-innsbruck.at\/home\/wp-content\/uploads\/2015\/10\/St.-Pankraz-Homepage-comp019-IMG_4901St.-Pankraz-comp-e1444751868971.jpg'><img width=\"150\" height=\"136\" src=\"https:\/\/www.ckc-innsbruck.at\/home\/wp-content\/uploads\/2015\/10\/St.-Pankraz-Homepage-comp019-IMG_4901St.-Pankraz-comp-e1444751914377-150x136.jpg\" class=\"attachment-thumbnail size-thumbnail\" alt=\"\" decoding=\"async\" loading=\"lazy\" \/><\/a>\n\t\t\t<\/dt><\/dl><dl class='gallery-item'>\n\t\t\t<dt class='gallery-icon landscape'>\n\t\t\t\t<a href='https:\/\/www.ckc-innsbruck.at\/home\/wp-content\/uploads\/2015\/10\/St.-Pankraz-Homepage-comp018-IMG_4882St.-Pankraz-comp.jpg'><img width=\"150\" height=\"124\" src=\"https:\/\/www.ckc-innsbruck.at\/home\/wp-content\/uploads\/2015\/10\/St.-Pankraz-Homepage-comp018-IMG_4882St.-Pankraz-comp-150x124.jpg\" class=\"attachment-thumbnail size-thumbnail\" alt=\"Die erste Wasserber\u00fchrung bietet sich in unmittelbarer N\u00e4he an, dem Stausee Klaus.\" decoding=\"async\" loading=\"lazy\" srcset=\"https:\/\/www.ckc-innsbruck.at\/home\/wp-content\/uploads\/2015\/10\/St.-Pankraz-Homepage-comp018-IMG_4882St.-Pankraz-comp-150x124.jpg 150w, https:\/\/www.ckc-innsbruck.at\/home\/wp-content\/uploads\/2015\/10\/St.-Pankraz-Homepage-comp018-IMG_4882St.-Pankraz-comp-300x247.jpg 300w, https:\/\/www.ckc-innsbruck.at\/home\/wp-content\/uploads\/2015\/10\/St.-Pankraz-Homepage-comp018-IMG_4882St.-Pankraz-comp.jpg 800w\" sizes=\"(max-width: 150px) 100vw, 150px\" \/><\/a>\n\t\t\t<\/dt><\/dl><br style=\"clear: both\" \/>\n\t\t<\/div>\n\n<p>Nach ausgiebigem Schlaf\u00a0geht\u2019s an die Teichl.\u00a0Eine\u00a0wildromantischen Schlucht aus Konglomoratgestein, die in unmittelbarer N\u00e4he unseres Quartiers in den Stausee m\u00fcndet.<\/p>\n\n\t\t<style type=\"text\/css\">\n\t\t\t#gallery-3 {\n\t\t\t\tmargin: auto;\n\t\t\t}\n\t\t\t#gallery-3 .gallery-item {\n\t\t\t\tfloat: left;\n\t\t\t\tmargin-top: 10px;\n\t\t\t\ttext-align: center;\n\t\t\t\twidth: 33%;\n\t\t\t}\n\t\t\t#gallery-3 img {\n\t\t\t\tborder: 2px solid #cfcfcf;\n\t\t\t}\n\t\t\t#gallery-3 .gallery-caption {\n\t\t\t\tmargin-left: 0;\n\t\t\t}\n\t\t\t\/* see gallery_shortcode() in wp-includes\/media.php *\/\n\t\t<\/style>\n\t\t<div id='gallery-3' class='gallery galleryid-4960 gallery-columns-3 gallery-size-thumbnail'><dl class='gallery-item'>\n\t\t\t<dt class='gallery-icon landscape'>\n\t\t\t\t<a href='https:\/\/www.ckc-innsbruck.at\/home\/wp-content\/uploads\/2015\/10\/St.-Pankraz-Homepage-comp068-20150713_183844-20150723-200257St.-Pankraz-comp.jpg'><img width=\"150\" height=\"84\" src=\"https:\/\/www.ckc-innsbruck.at\/home\/wp-content\/uploads\/2015\/10\/St.-Pankraz-Homepage-comp068-20150713_183844-20150723-200257St.-Pankraz-comp-150x84.jpg\" class=\"attachment-thumbnail size-thumbnail\" alt=\"Quartier finden wir in einem Vereinshaus, das sowohl Betten wie Platz f\u00fcr Zelte bietet.\" decoding=\"async\" loading=\"lazy\" srcset=\"https:\/\/www.ckc-innsbruck.at\/home\/wp-content\/uploads\/2015\/10\/St.-Pankraz-Homepage-comp068-20150713_183844-20150723-200257St.-Pankraz-comp-150x84.jpg 150w, https:\/\/www.ckc-innsbruck.at\/home\/wp-content\/uploads\/2015\/10\/St.-Pankraz-Homepage-comp068-20150713_183844-20150723-200257St.-Pankraz-comp-300x169.jpg 300w, https:\/\/www.ckc-innsbruck.at\/home\/wp-content\/uploads\/2015\/10\/St.-Pankraz-Homepage-comp068-20150713_183844-20150723-200257St.-Pankraz-comp.jpg 800w\" sizes=\"(max-width: 150px) 100vw, 150px\" \/><\/a>\n\t\t\t<\/dt><\/dl><dl class='gallery-item'>\n\t\t\t<dt class='gallery-icon landscape'>\n\t\t\t\t<a href='https:\/\/www.ckc-innsbruck.at\/home\/wp-content\/uploads\/2015\/10\/St.-Pankraz-Homepage-comp038-IMG_5022-KopieSt.-Pankraz-comp.jpg'><img width=\"150\" height=\"106\" src=\"https:\/\/www.ckc-innsbruck.at\/home\/wp-content\/uploads\/2015\/10\/St.-Pankraz-Homepage-comp038-IMG_5022-KopieSt.-Pankraz-comp-150x106.jpg\" class=\"attachment-thumbnail size-thumbnail\" alt=\"...geht\u2019s ab an die Teichl.\" decoding=\"async\" loading=\"lazy\" srcset=\"https:\/\/www.ckc-innsbruck.at\/home\/wp-content\/uploads\/2015\/10\/St.-Pankraz-Homepage-comp038-IMG_5022-KopieSt.-Pankraz-comp-150x106.jpg 150w, https:\/\/www.ckc-innsbruck.at\/home\/wp-content\/uploads\/2015\/10\/St.-Pankraz-Homepage-comp038-IMG_5022-KopieSt.-Pankraz-comp-300x212.jpg 300w, https:\/\/www.ckc-innsbruck.at\/home\/wp-content\/uploads\/2015\/10\/St.-Pankraz-Homepage-comp038-IMG_5022-KopieSt.-Pankraz-comp.jpg 800w\" sizes=\"(max-width: 150px) 100vw, 150px\" \/><\/a>\n\t\t\t<\/dt><\/dl><dl class='gallery-item'>\n\t\t\t<dt class='gallery-icon landscape'>\n\t\t\t\t<a href='https:\/\/www.ckc-innsbruck.at\/home\/wp-content\/uploads\/2015\/10\/St.-Pankraz-Homepage-comp084-DSCN0521St.-Pankraz-comp-e1447347097220.jpg'><img width=\"200\" height=\"150\" src=\"https:\/\/www.ckc-innsbruck.at\/home\/wp-content\/uploads\/2015\/10\/St.-Pankraz-Homepage-comp084-DSCN0521St.-Pankraz-comp-e1447347097220-200x150.jpg\" class=\"attachment-thumbnail size-thumbnail\" alt=\"\" decoding=\"async\" loading=\"lazy\" srcset=\"https:\/\/www.ckc-innsbruck.at\/home\/wp-content\/uploads\/2015\/10\/St.-Pankraz-Homepage-comp084-DSCN0521St.-Pankraz-comp-e1447347097220-200x150.jpg 200w, https:\/\/www.ckc-innsbruck.at\/home\/wp-content\/uploads\/2015\/10\/St.-Pankraz-Homepage-comp084-DSCN0521St.-Pankraz-comp-e1447347097220-400x300.jpg 400w, https:\/\/www.ckc-innsbruck.at\/home\/wp-content\/uploads\/2015\/10\/St.-Pankraz-Homepage-comp084-DSCN0521St.-Pankraz-comp-e1447347097220.jpg 594w\" sizes=\"(max-width: 200px) 100vw, 200px\" \/><\/a>\n\t\t\t<\/dt><\/dl><br style=\"clear: both\" \/><dl class='gallery-item'>\n\t\t\t<dt class='gallery-icon landscape'>\n\t\t\t\t<a href='https:\/\/www.ckc-innsbruck.at\/home\/wp-content\/uploads\/2015\/10\/St.-Pankraz-Homepage-comp037-P7120014-KopieSt.-Pankraz-comp.jpg'><img width=\"150\" height=\"100\" src=\"https:\/\/www.ckc-innsbruck.at\/home\/wp-content\/uploads\/2015\/10\/St.-Pankraz-Homepage-comp037-P7120014-KopieSt.-Pankraz-comp-150x100.jpg\" class=\"attachment-thumbnail size-thumbnail\" alt=\"\" decoding=\"async\" loading=\"lazy\" srcset=\"https:\/\/www.ckc-innsbruck.at\/home\/wp-content\/uploads\/2015\/10\/St.-Pankraz-Homepage-comp037-P7120014-KopieSt.-Pankraz-comp-150x100.jpg 150w, https:\/\/www.ckc-innsbruck.at\/home\/wp-content\/uploads\/2015\/10\/St.-Pankraz-Homepage-comp037-P7120014-KopieSt.-Pankraz-comp-300x200.jpg 300w, https:\/\/www.ckc-innsbruck.at\/home\/wp-content\/uploads\/2015\/10\/St.-Pankraz-Homepage-comp037-P7120014-KopieSt.-Pankraz-comp.jpg 800w\" sizes=\"(max-width: 150px) 100vw, 150px\" \/><\/a>\n\t\t\t<\/dt><\/dl><dl class='gallery-item'>\n\t\t\t<dt class='gallery-icon landscape'>\n\t\t\t\t<a href='https:\/\/www.ckc-innsbruck.at\/home\/wp-content\/uploads\/2015\/10\/St.-Pankraz-Homepage-comp043-P7120018St.-Pankraz-comp.jpg'><img width=\"150\" height=\"97\" src=\"https:\/\/www.ckc-innsbruck.at\/home\/wp-content\/uploads\/2015\/10\/St.-Pankraz-Homepage-comp043-P7120018St.-Pankraz-comp-150x97.jpg\" class=\"attachment-thumbnail size-thumbnail\" alt=\"Nach einer wildromantischen Schlucht aus Konglomoratgestein...\" decoding=\"async\" loading=\"lazy\" srcset=\"https:\/\/www.ckc-innsbruck.at\/home\/wp-content\/uploads\/2015\/10\/St.-Pankraz-Homepage-comp043-P7120018St.-Pankraz-comp-150x97.jpg 150w, https:\/\/www.ckc-innsbruck.at\/home\/wp-content\/uploads\/2015\/10\/St.-Pankraz-Homepage-comp043-P7120018St.-Pankraz-comp-300x194.jpg 300w, https:\/\/www.ckc-innsbruck.at\/home\/wp-content\/uploads\/2015\/10\/St.-Pankraz-Homepage-comp043-P7120018St.-Pankraz-comp.jpg 800w\" sizes=\"(max-width: 150px) 100vw, 150px\" \/><\/a>\n\t\t\t<\/dt><\/dl><dl class='gallery-item'>\n\t\t\t<dt class='gallery-icon landscape'>\n\t\t\t\t<a href='https:\/\/www.ckc-innsbruck.at\/home\/wp-content\/uploads\/2015\/10\/St.-Pankraz-Homepage-comp044-P7120021-KopieSt.-Pankraz-comp-e1447706520903.jpg'><img width=\"200\" height=\"133\" src=\"https:\/\/www.ckc-innsbruck.at\/home\/wp-content\/uploads\/2015\/10\/St.-Pankraz-Homepage-comp044-P7120021-KopieSt.-Pankraz-comp-e1447706520903-200x133.jpg\" class=\"attachment-thumbnail size-thumbnail\" alt=\"\" decoding=\"async\" loading=\"lazy\" srcset=\"https:\/\/www.ckc-innsbruck.at\/home\/wp-content\/uploads\/2015\/10\/St.-Pankraz-Homepage-comp044-P7120021-KopieSt.-Pankraz-comp-e1447706520903-200x133.jpg 200w, https:\/\/www.ckc-innsbruck.at\/home\/wp-content\/uploads\/2015\/10\/St.-Pankraz-Homepage-comp044-P7120021-KopieSt.-Pankraz-comp-e1447706520903-400x266.jpg 400w, https:\/\/www.ckc-innsbruck.at\/home\/wp-content\/uploads\/2015\/10\/St.-Pankraz-Homepage-comp044-P7120021-KopieSt.-Pankraz-comp-e1447706520903.jpg 780w\" sizes=\"(max-width: 200px) 100vw, 200px\" \/><\/a>\n\t\t\t<\/dt><\/dl><br style=\"clear: both\" \/>\n\t\t<\/div>\n\n<p>Zum Ausgleich geht\u2019s am Nachmittag die Steyer entlang. Alles direkt von \u201ezuhause\u201c aus erreichbar.\u00a0Auch\u00a0Spa\u00df kam nie zu kurz.<\/p>\n\n\t\t<style type=\"text\/css\">\n\t\t\t#gallery-4 {\n\t\t\t\tmargin: auto;\n\t\t\t}\n\t\t\t#gallery-4 .gallery-item {\n\t\t\t\tfloat: left;\n\t\t\t\tmargin-top: 10px;\n\t\t\t\ttext-align: center;\n\t\t\t\twidth: 33%;\n\t\t\t}\n\t\t\t#gallery-4 img {\n\t\t\t\tborder: 2px solid #cfcfcf;\n\t\t\t}\n\t\t\t#gallery-4 .gallery-caption {\n\t\t\t\tmargin-left: 0;\n\t\t\t}\n\t\t\t\/* see gallery_shortcode() in wp-includes\/media.php *\/\n\t\t<\/style>\n\t\t<div id='gallery-4' class='gallery galleryid-4960 gallery-columns-3 gallery-size-thumbnail'><dl class='gallery-item'>\n\t\t\t<dt class='gallery-icon landscape'>\n\t\t\t\t<a href='https:\/\/www.ckc-innsbruck.at\/home\/wp-content\/uploads\/2015\/10\/St.-Pankraz-Homepage-comp056-IMG_5081St.-Pankraz-comp-e1447347326424.jpg'><img width=\"172\" height=\"150\" src=\"https:\/\/www.ckc-innsbruck.at\/home\/wp-content\/uploads\/2015\/10\/St.-Pankraz-Homepage-comp056-IMG_5081St.-Pankraz-comp-e1447347326424-200x174.jpg\" class=\"attachment-thumbnail size-thumbnail\" alt=\"\" decoding=\"async\" loading=\"lazy\" srcset=\"https:\/\/www.ckc-innsbruck.at\/home\/wp-content\/uploads\/2015\/10\/St.-Pankraz-Homepage-comp056-IMG_5081St.-Pankraz-comp-e1447347326424-200x174.jpg 200w, https:\/\/www.ckc-innsbruck.at\/home\/wp-content\/uploads\/2015\/10\/St.-Pankraz-Homepage-comp056-IMG_5081St.-Pankraz-comp-e1447347326424-400x348.jpg 400w, https:\/\/www.ckc-innsbruck.at\/home\/wp-content\/uploads\/2015\/10\/St.-Pankraz-Homepage-comp056-IMG_5081St.-Pankraz-comp-e1447347326424.jpg 792w\" sizes=\"(max-width: 172px) 100vw, 172px\" \/><\/a>\n\t\t\t<\/dt><\/dl><dl class='gallery-item'>\n\t\t\t<dt class='gallery-icon landscape'>\n\t\t\t\t<a href='https:\/\/www.ckc-innsbruck.at\/home\/wp-content\/uploads\/2015\/10\/St.-Pankraz-Homepage-comp059-IMG_5095St.-Pankraz-comp.jpg'><img width=\"150\" height=\"113\" src=\"https:\/\/www.ckc-innsbruck.at\/home\/wp-content\/uploads\/2015\/10\/St.-Pankraz-Homepage-comp059-IMG_5095St.-Pankraz-comp-150x113.jpg\" class=\"attachment-thumbnail size-thumbnail\" alt=\"\" decoding=\"async\" loading=\"lazy\" srcset=\"https:\/\/www.ckc-innsbruck.at\/home\/wp-content\/uploads\/2015\/10\/St.-Pankraz-Homepage-comp059-IMG_5095St.-Pankraz-comp-150x113.jpg 150w, https:\/\/www.ckc-innsbruck.at\/home\/wp-content\/uploads\/2015\/10\/St.-Pankraz-Homepage-comp059-IMG_5095St.-Pankraz-comp-300x225.jpg 300w, https:\/\/www.ckc-innsbruck.at\/home\/wp-content\/uploads\/2015\/10\/St.-Pankraz-Homepage-comp059-IMG_5095St.-Pankraz-comp.jpg 800w\" sizes=\"(max-width: 150px) 100vw, 150px\" \/><\/a>\n\t\t\t<\/dt><\/dl><dl class='gallery-item'>\n\t\t\t<dt class='gallery-icon landscape'>\n\t\t\t\t<a href='https:\/\/www.ckc-innsbruck.at\/home\/wp-content\/uploads\/2015\/10\/St.-Pankraz-Homepage-comp062-IMG_5100St.-Pankraz-comp.jpg'><img width=\"150\" height=\"113\" src=\"https:\/\/www.ckc-innsbruck.at\/home\/wp-content\/uploads\/2015\/10\/St.-Pankraz-Homepage-comp062-IMG_5100St.-Pankraz-comp-150x113.jpg\" class=\"attachment-thumbnail size-thumbnail\" alt=\"Alles direkt von \u201ezuhause\u201c aus erreichbar.\" decoding=\"async\" loading=\"lazy\" srcset=\"https:\/\/www.ckc-innsbruck.at\/home\/wp-content\/uploads\/2015\/10\/St.-Pankraz-Homepage-comp062-IMG_5100St.-Pankraz-comp-150x113.jpg 150w, https:\/\/www.ckc-innsbruck.at\/home\/wp-content\/uploads\/2015\/10\/St.-Pankraz-Homepage-comp062-IMG_5100St.-Pankraz-comp-300x225.jpg 300w, https:\/\/www.ckc-innsbruck.at\/home\/wp-content\/uploads\/2015\/10\/St.-Pankraz-Homepage-comp062-IMG_5100St.-Pankraz-comp.jpg 800w\" sizes=\"(max-width: 150px) 100vw, 150px\" \/><\/a>\n\t\t\t<\/dt><\/dl><br style=\"clear: both\" \/><dl class='gallery-item'>\n\t\t\t<dt class='gallery-icon landscape'>\n\t\t\t\t<a href='https:\/\/www.ckc-innsbruck.at\/home\/wp-content\/uploads\/2015\/10\/St.-Pankraz-Homepage-comp064-IMG_5141St.-Pankraz-comp.jpg'><img width=\"150\" height=\"113\" src=\"https:\/\/www.ckc-innsbruck.at\/home\/wp-content\/uploads\/2015\/10\/St.-Pankraz-Homepage-comp064-IMG_5141St.-Pankraz-comp-150x113.jpg\" class=\"attachment-thumbnail size-thumbnail\" alt=\"\" decoding=\"async\" loading=\"lazy\" srcset=\"https:\/\/www.ckc-innsbruck.at\/home\/wp-content\/uploads\/2015\/10\/St.-Pankraz-Homepage-comp064-IMG_5141St.-Pankraz-comp-150x113.jpg 150w, https:\/\/www.ckc-innsbruck.at\/home\/wp-content\/uploads\/2015\/10\/St.-Pankraz-Homepage-comp064-IMG_5141St.-Pankraz-comp-300x225.jpg 300w, https:\/\/www.ckc-innsbruck.at\/home\/wp-content\/uploads\/2015\/10\/St.-Pankraz-Homepage-comp064-IMG_5141St.-Pankraz-comp.jpg 800w\" sizes=\"(max-width: 150px) 100vw, 150px\" \/><\/a>\n\t\t\t<\/dt><\/dl><dl class='gallery-item'>\n\t\t\t<dt class='gallery-icon landscape'>\n\t\t\t\t<a href='https:\/\/www.ckc-innsbruck.at\/home\/wp-content\/uploads\/2015\/10\/073-IMG_5119.jpg'><img width=\"150\" height=\"114\" src=\"https:\/\/www.ckc-innsbruck.at\/home\/wp-content\/uploads\/2015\/10\/073-IMG_5119-150x114.jpg\" class=\"attachment-thumbnail size-thumbnail\" alt=\"Auch Spa\u00df kam nie zu kurz.\" decoding=\"async\" loading=\"lazy\" srcset=\"https:\/\/www.ckc-innsbruck.at\/home\/wp-content\/uploads\/2015\/10\/073-IMG_5119-150x114.jpg 150w, https:\/\/www.ckc-innsbruck.at\/home\/wp-content\/uploads\/2015\/10\/073-IMG_5119-300x228.jpg 300w, https:\/\/www.ckc-innsbruck.at\/home\/wp-content\/uploads\/2015\/10\/073-IMG_5119.jpg 800w\" sizes=\"(max-width: 150px) 100vw, 150px\" \/><\/a>\n\t\t\t<\/dt><\/dl><dl class='gallery-item'>\n\t\t\t<dt class='gallery-icon landscape'>\n\t\t\t\t<a href='https:\/\/www.ckc-innsbruck.at\/home\/wp-content\/uploads\/2015\/10\/076-IMG_5116-e1447706656337.jpg'><img width=\"172\" height=\"150\" src=\"https:\/\/www.ckc-innsbruck.at\/home\/wp-content\/uploads\/2015\/10\/076-IMG_5116-e1447706656337-200x174.jpg\" class=\"attachment-thumbnail size-thumbnail\" alt=\"\" decoding=\"async\" loading=\"lazy\" srcset=\"https:\/\/www.ckc-innsbruck.at\/home\/wp-content\/uploads\/2015\/10\/076-IMG_5116-e1447706656337-200x174.jpg 200w, https:\/\/www.ckc-innsbruck.at\/home\/wp-content\/uploads\/2015\/10\/076-IMG_5116-e1447706656337-400x349.jpg 400w, https:\/\/www.ckc-innsbruck.at\/home\/wp-content\/uploads\/2015\/10\/076-IMG_5116-e1447706656337.jpg 794w\" sizes=\"(max-width: 172px) 100vw, 172px\" \/><\/a>\n\t\t\t<\/dt><\/dl><br style=\"clear: both\" \/>\n\t\t<\/div>\n\n<p>Im Lauf der Woche kamen weitere Paddler dazu. Erneut gings an die Teichl.\u00a0Durch den h\u00f6heren Wasserstand konnten wir eine Passage\u00a0nicht befahren.\u00a0Au\u00dfer unserem \u201eJungstar\u201c mussten sich alle abseilen.\u00a0War auch ein Abenteuer.<\/p>\n\n\t\t<style type=\"text\/css\">\n\t\t\t#gallery-5 {\n\t\t\t\tmargin: auto;\n\t\t\t}\n\t\t\t#gallery-5 .gallery-item {\n\t\t\t\tfloat: left;\n\t\t\t\tmargin-top: 10px;\n\t\t\t\ttext-align: center;\n\t\t\t\twidth: 33%;\n\t\t\t}\n\t\t\t#gallery-5 img {\n\t\t\t\tborder: 2px solid #cfcfcf;\n\t\t\t}\n\t\t\t#gallery-5 .gallery-caption {\n\t\t\t\tmargin-left: 0;\n\t\t\t}\n\t\t\t\/* see gallery_shortcode() in wp-includes\/media.php *\/\n\t\t<\/style>\n\t\t<div id='gallery-5' class='gallery galleryid-4960 gallery-columns-3 gallery-size-thumbnail'><dl class='gallery-item'>\n\t\t\t<dt class='gallery-icon landscape'>\n\t\t\t\t<a href='https:\/\/www.ckc-innsbruck.at\/home\/wp-content\/uploads\/2015\/10\/St.-Pankraz-Homepage-comp073-DSCN0509St.-Pankraz-comp.jpg'><img width=\"150\" height=\"122\" src=\"https:\/\/www.ckc-innsbruck.at\/home\/wp-content\/uploads\/2015\/10\/St.-Pankraz-Homepage-comp073-DSCN0509St.-Pankraz-comp-150x122.jpg\" class=\"attachment-thumbnail size-thumbnail\" alt=\"Erneut gings an die Teichl.\" decoding=\"async\" loading=\"lazy\" srcset=\"https:\/\/www.ckc-innsbruck.at\/home\/wp-content\/uploads\/2015\/10\/St.-Pankraz-Homepage-comp073-DSCN0509St.-Pankraz-comp-150x122.jpg 150w, https:\/\/www.ckc-innsbruck.at\/home\/wp-content\/uploads\/2015\/10\/St.-Pankraz-Homepage-comp073-DSCN0509St.-Pankraz-comp-300x243.jpg 300w, https:\/\/www.ckc-innsbruck.at\/home\/wp-content\/uploads\/2015\/10\/St.-Pankraz-Homepage-comp073-DSCN0509St.-Pankraz-comp.jpg 800w\" sizes=\"(max-width: 150px) 100vw, 150px\" \/><\/a>\n\t\t\t<\/dt><\/dl><dl class='gallery-item'>\n\t\t\t<dt class='gallery-icon landscape'>\n\t\t\t\t<a href='https:\/\/www.ckc-innsbruck.at\/home\/wp-content\/uploads\/2015\/10\/St.-Pankraz-Homepage-comp081-DSCN0530St.-Pankraz-comp.jpg'><img width=\"150\" height=\"98\" src=\"https:\/\/www.ckc-innsbruck.at\/home\/wp-content\/uploads\/2015\/10\/St.-Pankraz-Homepage-comp081-DSCN0530St.-Pankraz-comp-150x98.jpg\" class=\"attachment-thumbnail size-thumbnail\" alt=\"\" decoding=\"async\" loading=\"lazy\" srcset=\"https:\/\/www.ckc-innsbruck.at\/home\/wp-content\/uploads\/2015\/10\/St.-Pankraz-Homepage-comp081-DSCN0530St.-Pankraz-comp-150x98.jpg 150w, https:\/\/www.ckc-innsbruck.at\/home\/wp-content\/uploads\/2015\/10\/St.-Pankraz-Homepage-comp081-DSCN0530St.-Pankraz-comp-300x197.jpg 300w, https:\/\/www.ckc-innsbruck.at\/home\/wp-content\/uploads\/2015\/10\/St.-Pankraz-Homepage-comp081-DSCN0530St.-Pankraz-comp.jpg 800w\" sizes=\"(max-width: 150px) 100vw, 150px\" \/><\/a>\n\t\t\t<\/dt><\/dl><dl class='gallery-item'>\n\t\t\t<dt class='gallery-icon landscape'>\n\t\t\t\t<a href='https:\/\/www.ckc-innsbruck.at\/home\/wp-content\/uploads\/2015\/10\/St.-Pankraz-Homepage-comp079-DSCN0551St.-Pankraz-comp.jpg'><img width=\"150\" height=\"84\" src=\"https:\/\/www.ckc-innsbruck.at\/home\/wp-content\/uploads\/2015\/10\/St.-Pankraz-Homepage-comp079-DSCN0551St.-Pankraz-comp-150x84.jpg\" class=\"attachment-thumbnail size-thumbnail\" alt=\"\" decoding=\"async\" loading=\"lazy\" srcset=\"https:\/\/www.ckc-innsbruck.at\/home\/wp-content\/uploads\/2015\/10\/St.-Pankraz-Homepage-comp079-DSCN0551St.-Pankraz-comp-150x84.jpg 150w, https:\/\/www.ckc-innsbruck.at\/home\/wp-content\/uploads\/2015\/10\/St.-Pankraz-Homepage-comp079-DSCN0551St.-Pankraz-comp-300x168.jpg 300w, https:\/\/www.ckc-innsbruck.at\/home\/wp-content\/uploads\/2015\/10\/St.-Pankraz-Homepage-comp079-DSCN0551St.-Pankraz-comp.jpg 800w\" sizes=\"(max-width: 150px) 100vw, 150px\" \/><\/a>\n\t\t\t<\/dt><\/dl><br style=\"clear: both\" \/><dl class='gallery-item'>\n\t\t\t<dt class='gallery-icon landscape'>\n\t\t\t\t<a href='https:\/\/www.ckc-innsbruck.at\/home\/wp-content\/uploads\/2015\/10\/St.-Pankraz-Homepage-comp078-DSCN0526St.-Pankraz-comp.jpg'><img width=\"150\" height=\"100\" src=\"https:\/\/www.ckc-innsbruck.at\/home\/wp-content\/uploads\/2015\/10\/St.-Pankraz-Homepage-comp078-DSCN0526St.-Pankraz-comp-150x100.jpg\" class=\"attachment-thumbnail size-thumbnail\" alt=\"\" decoding=\"async\" loading=\"lazy\" srcset=\"https:\/\/www.ckc-innsbruck.at\/home\/wp-content\/uploads\/2015\/10\/St.-Pankraz-Homepage-comp078-DSCN0526St.-Pankraz-comp-150x100.jpg 150w, https:\/\/www.ckc-innsbruck.at\/home\/wp-content\/uploads\/2015\/10\/St.-Pankraz-Homepage-comp078-DSCN0526St.-Pankraz-comp-300x200.jpg 300w, https:\/\/www.ckc-innsbruck.at\/home\/wp-content\/uploads\/2015\/10\/St.-Pankraz-Homepage-comp078-DSCN0526St.-Pankraz-comp.jpg 800w\" sizes=\"(max-width: 150px) 100vw, 150px\" \/><\/a>\n\t\t\t<\/dt><\/dl><dl class='gallery-item'>\n\t\t\t<dt class='gallery-icon landscape'>\n\t\t\t\t<a href='https:\/\/www.ckc-innsbruck.at\/home\/wp-content\/uploads\/2015\/10\/St.-Pankraz-Homepage-comp089-DSCN0548St.-Pankraz-comp.jpg'><img width=\"150\" height=\"87\" src=\"https:\/\/www.ckc-innsbruck.at\/home\/wp-content\/uploads\/2015\/10\/St.-Pankraz-Homepage-comp089-DSCN0548St.-Pankraz-comp-150x87.jpg\" class=\"attachment-thumbnail size-thumbnail\" alt=\"Durch den h\u00f6heren Wasserstand konnten wir eine Passage nicht befahren.\" decoding=\"async\" loading=\"lazy\" srcset=\"https:\/\/www.ckc-innsbruck.at\/home\/wp-content\/uploads\/2015\/10\/St.-Pankraz-Homepage-comp089-DSCN0548St.-Pankraz-comp-150x87.jpg 150w, https:\/\/www.ckc-innsbruck.at\/home\/wp-content\/uploads\/2015\/10\/St.-Pankraz-Homepage-comp089-DSCN0548St.-Pankraz-comp-300x173.jpg 300w, https:\/\/www.ckc-innsbruck.at\/home\/wp-content\/uploads\/2015\/10\/St.-Pankraz-Homepage-comp089-DSCN0548St.-Pankraz-comp.jpg 800w\" sizes=\"(max-width: 150px) 100vw, 150px\" \/><\/a>\n\t\t\t<\/dt><\/dl><dl class='gallery-item'>\n\t\t\t<dt class='gallery-icon landscape'>\n\t\t\t\t<a href='https:\/\/www.ckc-innsbruck.at\/home\/wp-content\/uploads\/2015\/10\/St.-Pankraz-Homepage-comp088-DSCN0546St.-Pankraz-comp.jpg'><img width=\"150\" height=\"113\" src=\"https:\/\/www.ckc-innsbruck.at\/home\/wp-content\/uploads\/2015\/10\/St.-Pankraz-Homepage-comp088-DSCN0546St.-Pankraz-comp-150x113.jpg\" class=\"attachment-thumbnail size-thumbnail\" alt=\"Au\u00dfer unserem \u201eJungstar\u201c mussten sich alle abseilen.\" decoding=\"async\" loading=\"lazy\" srcset=\"https:\/\/www.ckc-innsbruck.at\/home\/wp-content\/uploads\/2015\/10\/St.-Pankraz-Homepage-comp088-DSCN0546St.-Pankraz-comp-150x113.jpg 150w, https:\/\/www.ckc-innsbruck.at\/home\/wp-content\/uploads\/2015\/10\/St.-Pankraz-Homepage-comp088-DSCN0546St.-Pankraz-comp-300x225.jpg 300w, https:\/\/www.ckc-innsbruck.at\/home\/wp-content\/uploads\/2015\/10\/St.-Pankraz-Homepage-comp088-DSCN0546St.-Pankraz-comp.jpg 800w\" sizes=\"(max-width: 150px) 100vw, 150px\" \/><\/a>\n\t\t\t<\/dt><\/dl><br style=\"clear: both\" \/>\n\t\t<\/div>\n\n<p>Nun aber ab auf die Steyr. Einige km unterhalb des Stausee booten wir ein.\u00a0Bald schon mussten wir\u00a0ein gr\u00f6\u00dferes Hindernis \u00fcberwinden.\u00a0Nach schwei\u00dftreibender Arbeit\u00a0belohnte uns der wundersch\u00f6ne Steyrdurchbruch.\u00a0Am n\u00e4chsten Tag setzten wir unsere Tour auf der Steyr fort.<\/p>\n\n\t\t<style type=\"text\/css\">\n\t\t\t#gallery-6 {\n\t\t\t\tmargin: auto;\n\t\t\t}\n\t\t\t#gallery-6 .gallery-item {\n\t\t\t\tfloat: left;\n\t\t\t\tmargin-top: 10px;\n\t\t\t\ttext-align: center;\n\t\t\t\twidth: 33%;\n\t\t\t}\n\t\t\t#gallery-6 img {\n\t\t\t\tborder: 2px solid #cfcfcf;\n\t\t\t}\n\t\t\t#gallery-6 .gallery-caption {\n\t\t\t\tmargin-left: 0;\n\t\t\t}\n\t\t\t\/* see gallery_shortcode() in wp-includes\/media.php *\/\n\t\t<\/style>\n\t\t<div id='gallery-6' class='gallery galleryid-4960 gallery-columns-3 gallery-size-thumbnail'><dl class='gallery-item'>\n\t\t\t<dt class='gallery-icon landscape'>\n\t\t\t\t<a href='https:\/\/www.ckc-innsbruck.at\/home\/wp-content\/uploads\/2015\/10\/St.-Pankraz-Homepage-comp101-IMG_5265St.-Pankraz-comp.jpg'><img width=\"150\" height=\"150\" src=\"https:\/\/www.ckc-innsbruck.at\/home\/wp-content\/uploads\/2015\/10\/St.-Pankraz-Homepage-comp101-IMG_5265St.-Pankraz-comp-150x150.jpg\" class=\"attachment-thumbnail size-thumbnail\" alt=\"Einige km unterhalb des Stausees booten wir ein.\" decoding=\"async\" loading=\"lazy\" srcset=\"https:\/\/www.ckc-innsbruck.at\/home\/wp-content\/uploads\/2015\/10\/St.-Pankraz-Homepage-comp101-IMG_5265St.-Pankraz-comp-150x150.jpg 150w, https:\/\/www.ckc-innsbruck.at\/home\/wp-content\/uploads\/2015\/10\/St.-Pankraz-Homepage-comp101-IMG_5265St.-Pankraz-comp-300x300.jpg 300w, https:\/\/www.ckc-innsbruck.at\/home\/wp-content\/uploads\/2015\/10\/St.-Pankraz-Homepage-comp101-IMG_5265St.-Pankraz-comp.jpg 800w\" sizes=\"(max-width: 150px) 100vw, 150px\" \/><\/a>\n\t\t\t<\/dt><\/dl><dl class='gallery-item'>\n\t\t\t<dt class='gallery-icon landscape'>\n\t\t\t\t<a href='https:\/\/www.ckc-innsbruck.at\/home\/wp-content\/uploads\/2015\/10\/St.-Pankraz-Homepage-comp117-IMG_5348St.-Pankraz-comp.jpg'><img width=\"150\" height=\"150\" src=\"https:\/\/www.ckc-innsbruck.at\/home\/wp-content\/uploads\/2015\/10\/St.-Pankraz-Homepage-comp117-IMG_5348St.-Pankraz-comp-150x150.jpg\" class=\"attachment-thumbnail size-thumbnail\" alt=\"Bald schon mussten wir ein gr\u00f6\u00dferes Hindernis \u00fcberwinden.\" decoding=\"async\" loading=\"lazy\" srcset=\"https:\/\/www.ckc-innsbruck.at\/home\/wp-content\/uploads\/2015\/10\/St.-Pankraz-Homepage-comp117-IMG_5348St.-Pankraz-comp-150x150.jpg 150w, https:\/\/www.ckc-innsbruck.at\/home\/wp-content\/uploads\/2015\/10\/St.-Pankraz-Homepage-comp117-IMG_5348St.-Pankraz-comp-300x300.jpg 300w, https:\/\/www.ckc-innsbruck.at\/home\/wp-content\/uploads\/2015\/10\/St.-Pankraz-Homepage-comp117-IMG_5348St.-Pankraz-comp.jpg 800w\" sizes=\"(max-width: 150px) 100vw, 150px\" \/><\/a>\n\t\t\t<\/dt><\/dl><dl class='gallery-item'>\n\t\t\t<dt class='gallery-icon landscape'>\n\t\t\t\t<a href='https:\/\/www.ckc-innsbruck.at\/home\/wp-content\/uploads\/2015\/10\/St.-Pankraz-Homepage-comp114-IMG_5322St.-Pankraz-comp.jpg'><img width=\"150\" height=\"150\" src=\"https:\/\/www.ckc-innsbruck.at\/home\/wp-content\/uploads\/2015\/10\/St.-Pankraz-Homepage-comp114-IMG_5322St.-Pankraz-comp-150x150.jpg\" class=\"attachment-thumbnail size-thumbnail\" alt=\"\" decoding=\"async\" loading=\"lazy\" srcset=\"https:\/\/www.ckc-innsbruck.at\/home\/wp-content\/uploads\/2015\/10\/St.-Pankraz-Homepage-comp114-IMG_5322St.-Pankraz-comp-150x150.jpg 150w, https:\/\/www.ckc-innsbruck.at\/home\/wp-content\/uploads\/2015\/10\/St.-Pankraz-Homepage-comp114-IMG_5322St.-Pankraz-comp-300x300.jpg 300w, https:\/\/www.ckc-innsbruck.at\/home\/wp-content\/uploads\/2015\/10\/St.-Pankraz-Homepage-comp114-IMG_5322St.-Pankraz-comp.jpg 800w\" sizes=\"(max-width: 150px) 100vw, 150px\" \/><\/a>\n\t\t\t<\/dt><\/dl><br style=\"clear: both\" \/><dl class='gallery-item'>\n\t\t\t<dt class='gallery-icon landscape'>\n\t\t\t\t<a href='https:\/\/www.ckc-innsbruck.at\/home\/wp-content\/uploads\/2015\/10\/157-IMG_5286.jpg'><img width=\"150\" height=\"150\" src=\"https:\/\/www.ckc-innsbruck.at\/home\/wp-content\/uploads\/2015\/10\/157-IMG_5286-150x150.jpg\" class=\"attachment-thumbnail size-thumbnail\" alt=\"\" decoding=\"async\" loading=\"lazy\" srcset=\"https:\/\/www.ckc-innsbruck.at\/home\/wp-content\/uploads\/2015\/10\/157-IMG_5286-150x150.jpg 150w, https:\/\/www.ckc-innsbruck.at\/home\/wp-content\/uploads\/2015\/10\/157-IMG_5286-300x300.jpg 300w, https:\/\/www.ckc-innsbruck.at\/home\/wp-content\/uploads\/2015\/10\/157-IMG_5286.jpg 800w\" sizes=\"(max-width: 150px) 100vw, 150px\" \/><\/a>\n\t\t\t<\/dt><\/dl><dl class='gallery-item'>\n\t\t\t<dt class='gallery-icon landscape'>\n\t\t\t\t<a href='https:\/\/www.ckc-innsbruck.at\/home\/wp-content\/uploads\/2015\/10\/167-IMG_5347.jpg'><img width=\"150\" height=\"150\" src=\"https:\/\/www.ckc-innsbruck.at\/home\/wp-content\/uploads\/2015\/10\/167-IMG_5347-150x150.jpg\" class=\"attachment-thumbnail size-thumbnail\" alt=\"Nach schwei\u00dftreibender Arbeit...\" decoding=\"async\" loading=\"lazy\" srcset=\"https:\/\/www.ckc-innsbruck.at\/home\/wp-content\/uploads\/2015\/10\/167-IMG_5347-150x150.jpg 150w, https:\/\/www.ckc-innsbruck.at\/home\/wp-content\/uploads\/2015\/10\/167-IMG_5347-300x300.jpg 300w, https:\/\/www.ckc-innsbruck.at\/home\/wp-content\/uploads\/2015\/10\/167-IMG_5347.jpg 800w\" sizes=\"(max-width: 150px) 100vw, 150px\" \/><\/a>\n\t\t\t<\/dt><\/dl><dl class='gallery-item'>\n\t\t\t<dt class='gallery-icon landscape'>\n\t\t\t\t<a href='https:\/\/www.ckc-innsbruck.at\/home\/wp-content\/uploads\/2015\/10\/160-IMG_5316.jpg'><img width=\"150\" height=\"150\" src=\"https:\/\/www.ckc-innsbruck.at\/home\/wp-content\/uploads\/2015\/10\/160-IMG_5316-150x150.jpg\" class=\"attachment-thumbnail size-thumbnail\" alt=\"\" decoding=\"async\" loading=\"lazy\" srcset=\"https:\/\/www.ckc-innsbruck.at\/home\/wp-content\/uploads\/2015\/10\/160-IMG_5316-150x150.jpg 150w, https:\/\/www.ckc-innsbruck.at\/home\/wp-content\/uploads\/2015\/10\/160-IMG_5316-300x300.jpg 300w, https:\/\/www.ckc-innsbruck.at\/home\/wp-content\/uploads\/2015\/10\/160-IMG_5316.jpg 800w\" sizes=\"(max-width: 150px) 100vw, 150px\" \/><\/a>\n\t\t\t<\/dt><\/dl><br style=\"clear: both\" \/>\n\t\t<\/div>\n\n<p><img decoding=\"async\" loading=\"lazy\" class=\"aligncenter wp-image-1396 size-full\" src=\"https:\/\/www.ckc-innsbruck.at\/home\/wp-content\/uploads\/2015\/10\/St.-Pankraz-Homepage-comp121-IMG_5381St.-Pankraz-comp1.jpg\" alt=\"\" width=\"800\" height=\"919\" srcset=\"https:\/\/www.ckc-innsbruck.at\/home\/wp-content\/uploads\/2015\/10\/St.-Pankraz-Homepage-comp121-IMG_5381St.-Pankraz-comp1.jpg 800w, https:\/\/www.ckc-innsbruck.at\/home\/wp-content\/uploads\/2015\/10\/St.-Pankraz-Homepage-comp121-IMG_5381St.-Pankraz-comp1-131x150.jpg 131w, https:\/\/www.ckc-innsbruck.at\/home\/wp-content\/uploads\/2015\/10\/St.-Pankraz-Homepage-comp121-IMG_5381St.-Pankraz-comp1-261x300.jpg 261w\" sizes=\"(max-width: 800px) 100vw, 800px\" \/><\/p>\n<p>&nbsp;<\/p>\n\n\t\t<style type=\"text\/css\">\n\t\t\t#gallery-7 {\n\t\t\t\tmargin: auto;\n\t\t\t}\n\t\t\t#gallery-7 .gallery-item {\n\t\t\t\tfloat: left;\n\t\t\t\tmargin-top: 10px;\n\t\t\t\ttext-align: center;\n\t\t\t\twidth: 33%;\n\t\t\t}\n\t\t\t#gallery-7 img {\n\t\t\t\tborder: 2px solid #cfcfcf;\n\t\t\t}\n\t\t\t#gallery-7 .gallery-caption {\n\t\t\t\tmargin-left: 0;\n\t\t\t}\n\t\t\t\/* see gallery_shortcode() in wp-includes\/media.php *\/\n\t\t<\/style>\n\t\t<div id='gallery-7' class='gallery galleryid-4960 gallery-columns-3 gallery-size-thumbnail'><dl class='gallery-item'>\n\t\t\t<dt class='gallery-icon landscape'>\n\t\t\t\t<a href='https:\/\/www.ckc-innsbruck.at\/home\/wp-content\/uploads\/2015\/10\/St.-Pankraz-Homepage-comp154-DSCN0683St.-Pankraz-comp.jpg'><img width=\"150\" height=\"81\" src=\"https:\/\/www.ckc-innsbruck.at\/home\/wp-content\/uploads\/2015\/10\/St.-Pankraz-Homepage-comp154-DSCN0683St.-Pankraz-comp-150x81.jpg\" class=\"attachment-thumbnail size-thumbnail\" alt=\"\" decoding=\"async\" loading=\"lazy\" srcset=\"https:\/\/www.ckc-innsbruck.at\/home\/wp-content\/uploads\/2015\/10\/St.-Pankraz-Homepage-comp154-DSCN0683St.-Pankraz-comp-150x81.jpg 150w, https:\/\/www.ckc-innsbruck.at\/home\/wp-content\/uploads\/2015\/10\/St.-Pankraz-Homepage-comp154-DSCN0683St.-Pankraz-comp-300x163.jpg 300w, https:\/\/www.ckc-innsbruck.at\/home\/wp-content\/uploads\/2015\/10\/St.-Pankraz-Homepage-comp154-DSCN0683St.-Pankraz-comp.jpg 800w\" sizes=\"(max-width: 150px) 100vw, 150px\" \/><\/a>\n\t\t\t<\/dt><\/dl><dl class='gallery-item'>\n\t\t\t<dt class='gallery-icon landscape'>\n\t\t\t\t<a href='https:\/\/www.ckc-innsbruck.at\/home\/wp-content\/uploads\/2015\/10\/St.-Pankraz-Homepage-comp142-DSCN0654St.-Pankraz-comp.jpg'><img width=\"150\" height=\"113\" src=\"https:\/\/www.ckc-innsbruck.at\/home\/wp-content\/uploads\/2015\/10\/St.-Pankraz-Homepage-comp142-DSCN0654St.-Pankraz-comp-150x113.jpg\" class=\"attachment-thumbnail size-thumbnail\" alt=\"\" decoding=\"async\" loading=\"lazy\" srcset=\"https:\/\/www.ckc-innsbruck.at\/home\/wp-content\/uploads\/2015\/10\/St.-Pankraz-Homepage-comp142-DSCN0654St.-Pankraz-comp-150x113.jpg 150w, https:\/\/www.ckc-innsbruck.at\/home\/wp-content\/uploads\/2015\/10\/St.-Pankraz-Homepage-comp142-DSCN0654St.-Pankraz-comp-300x225.jpg 300w, https:\/\/www.ckc-innsbruck.at\/home\/wp-content\/uploads\/2015\/10\/St.-Pankraz-Homepage-comp142-DSCN0654St.-Pankraz-comp.jpg 800w\" sizes=\"(max-width: 150px) 100vw, 150px\" \/><\/a>\n\t\t\t<\/dt><\/dl><dl class='gallery-item'>\n\t\t\t<dt class='gallery-icon landscape'>\n\t\t\t\t<a href='https:\/\/www.ckc-innsbruck.at\/home\/wp-content\/uploads\/2015\/10\/St.-Pankraz-Homepage-comp141-DSCN0649St.-Pankraz-comp.jpg'><img width=\"150\" height=\"108\" src=\"https:\/\/www.ckc-innsbruck.at\/home\/wp-content\/uploads\/2015\/10\/St.-Pankraz-Homepage-comp141-DSCN0649St.-Pankraz-comp-150x108.jpg\" class=\"attachment-thumbnail size-thumbnail\" alt=\"\" decoding=\"async\" loading=\"lazy\" srcset=\"https:\/\/www.ckc-innsbruck.at\/home\/wp-content\/uploads\/2015\/10\/St.-Pankraz-Homepage-comp141-DSCN0649St.-Pankraz-comp-150x108.jpg 150w, https:\/\/www.ckc-innsbruck.at\/home\/wp-content\/uploads\/2015\/10\/St.-Pankraz-Homepage-comp141-DSCN0649St.-Pankraz-comp-300x217.jpg 300w, https:\/\/www.ckc-innsbruck.at\/home\/wp-content\/uploads\/2015\/10\/St.-Pankraz-Homepage-comp141-DSCN0649St.-Pankraz-comp.jpg 800w\" sizes=\"(max-width: 150px) 100vw, 150px\" \/><\/a>\n\t\t\t<\/dt><\/dl><br style=\"clear: both\" \/>\n\t\t<\/div>\n\n<p>Den letzten Tag wanderten wir in der Schlucht die wir zuvor befahren sind.<\/p>\n\n\t\t<style type=\"text\/css\">\n\t\t\t#gallery-8 {\n\t\t\t\tmargin: auto;\n\t\t\t}\n\t\t\t#gallery-8 .gallery-item {\n\t\t\t\tfloat: left;\n\t\t\t\tmargin-top: 10px;\n\t\t\t\ttext-align: center;\n\t\t\t\twidth: 33%;\n\t\t\t}\n\t\t\t#gallery-8 img {\n\t\t\t\tborder: 2px solid #cfcfcf;\n\t\t\t}\n\t\t\t#gallery-8 .gallery-caption {\n\t\t\t\tmargin-left: 0;\n\t\t\t}\n\t\t\t\/* see gallery_shortcode() in wp-includes\/media.php *\/\n\t\t<\/style>\n\t\t<div id='gallery-8' class='gallery galleryid-4960 gallery-columns-3 gallery-size-thumbnail'><dl class='gallery-item'>\n\t\t\t<dt class='gallery-icon landscape'>\n\t\t\t\t<a href='https:\/\/www.ckc-innsbruck.at\/home\/wp-content\/uploads\/2015\/10\/St.-Pankraz-Homepage-comp187-P7170373St.-Pankraz-comp.jpg'><img width=\"150\" height=\"100\" src=\"https:\/\/www.ckc-innsbruck.at\/home\/wp-content\/uploads\/2015\/10\/St.-Pankraz-Homepage-comp187-P7170373St.-Pankraz-comp-150x100.jpg\" class=\"attachment-thumbnail size-thumbnail\" alt=\"\" decoding=\"async\" loading=\"lazy\" srcset=\"https:\/\/www.ckc-innsbruck.at\/home\/wp-content\/uploads\/2015\/10\/St.-Pankraz-Homepage-comp187-P7170373St.-Pankraz-comp-150x100.jpg 150w, https:\/\/www.ckc-innsbruck.at\/home\/wp-content\/uploads\/2015\/10\/St.-Pankraz-Homepage-comp187-P7170373St.-Pankraz-comp-300x200.jpg 300w, https:\/\/www.ckc-innsbruck.at\/home\/wp-content\/uploads\/2015\/10\/St.-Pankraz-Homepage-comp187-P7170373St.-Pankraz-comp.jpg 800w\" sizes=\"(max-width: 150px) 100vw, 150px\" \/><\/a>\n\t\t\t<\/dt><\/dl><dl class='gallery-item'>\n\t\t\t<dt class='gallery-icon landscape'>\n\t\t\t\t<a href='https:\/\/www.ckc-innsbruck.at\/home\/wp-content\/uploads\/2015\/10\/St.-Pankraz-Homepage-comp178-P7170246St.-Pankraz-comp.jpg'><img width=\"150\" height=\"100\" src=\"https:\/\/www.ckc-innsbruck.at\/home\/wp-content\/uploads\/2015\/10\/St.-Pankraz-Homepage-comp178-P7170246St.-Pankraz-comp-150x100.jpg\" class=\"attachment-thumbnail size-thumbnail\" alt=\"\" decoding=\"async\" loading=\"lazy\" srcset=\"https:\/\/www.ckc-innsbruck.at\/home\/wp-content\/uploads\/2015\/10\/St.-Pankraz-Homepage-comp178-P7170246St.-Pankraz-comp-150x100.jpg 150w, https:\/\/www.ckc-innsbruck.at\/home\/wp-content\/uploads\/2015\/10\/St.-Pankraz-Homepage-comp178-P7170246St.-Pankraz-comp-300x200.jpg 300w, https:\/\/www.ckc-innsbruck.at\/home\/wp-content\/uploads\/2015\/10\/St.-Pankraz-Homepage-comp178-P7170246St.-Pankraz-comp.jpg 800w\" sizes=\"(max-width: 150px) 100vw, 150px\" \/><\/a>\n\t\t\t<\/dt><\/dl><dl class='gallery-item'>\n\t\t\t<dt class='gallery-icon landscape'>\n\t\t\t\t<a href='https:\/\/www.ckc-innsbruck.at\/home\/wp-content\/uploads\/2015\/10\/St.-Pankraz-Homepage-comp171-P7170295St.-Pankraz-comp-e1447706788300.jpg'><img width=\"197\" height=\"150\" src=\"https:\/\/www.ckc-innsbruck.at\/home\/wp-content\/uploads\/2015\/10\/St.-Pankraz-Homepage-comp171-P7170295St.-Pankraz-comp-e1447706788300-200x152.jpg\" class=\"attachment-thumbnail size-thumbnail\" alt=\"\" decoding=\"async\" loading=\"lazy\" srcset=\"https:\/\/www.ckc-innsbruck.at\/home\/wp-content\/uploads\/2015\/10\/St.-Pankraz-Homepage-comp171-P7170295St.-Pankraz-comp-e1447706788300-200x152.jpg 200w, https:\/\/www.ckc-innsbruck.at\/home\/wp-content\/uploads\/2015\/10\/St.-Pankraz-Homepage-comp171-P7170295St.-Pankraz-comp-e1447706788300-400x303.jpg 400w, https:\/\/www.ckc-innsbruck.at\/home\/wp-content\/uploads\/2015\/10\/St.-Pankraz-Homepage-comp171-P7170295St.-Pankraz-comp-e1447706788300.jpg 762w\" sizes=\"(max-width: 197px) 100vw, 197px\" \/><\/a>\n\t\t\t<\/dt><\/dl><br style=\"clear: both\" \/><dl class='gallery-item'>\n\t\t\t<dt class='gallery-icon landscape'>\n\t\t\t\t<a href='https:\/\/www.ckc-innsbruck.at\/home\/wp-content\/uploads\/2015\/10\/St.-Pankraz-Homepage-comp179-DSCN0711St.-Pankraz-comp.jpg'><img width=\"150\" height=\"102\" src=\"https:\/\/www.ckc-innsbruck.at\/home\/wp-content\/uploads\/2015\/10\/St.-Pankraz-Homepage-comp179-DSCN0711St.-Pankraz-comp-150x102.jpg\" class=\"attachment-thumbnail size-thumbnail\" alt=\"\" decoding=\"async\" loading=\"lazy\" srcset=\"https:\/\/www.ckc-innsbruck.at\/home\/wp-content\/uploads\/2015\/10\/St.-Pankraz-Homepage-comp179-DSCN0711St.-Pankraz-comp-150x102.jpg 150w, https:\/\/www.ckc-innsbruck.at\/home\/wp-content\/uploads\/2015\/10\/St.-Pankraz-Homepage-comp179-DSCN0711St.-Pankraz-comp-300x203.jpg 300w, https:\/\/www.ckc-innsbruck.at\/home\/wp-content\/uploads\/2015\/10\/St.-Pankraz-Homepage-comp179-DSCN0711St.-Pankraz-comp.jpg 800w\" sizes=\"(max-width: 150px) 100vw, 150px\" \/><\/a>\n\t\t\t<\/dt><\/dl><dl class='gallery-item'>\n\t\t\t<dt class='gallery-icon landscape'>\n\t\t\t\t<a href='https:\/\/www.ckc-innsbruck.at\/home\/wp-content\/uploads\/2015\/10\/St.-Pankraz-Homepage-comp069-20150713_185220-20150723-200301St.-Pankraz-comp.jpg'><img width=\"150\" height=\"84\" src=\"https:\/\/www.ckc-innsbruck.at\/home\/wp-content\/uploads\/2015\/10\/St.-Pankraz-Homepage-comp069-20150713_185220-20150723-200301St.-Pankraz-comp-150x84.jpg\" class=\"attachment-thumbnail size-thumbnail\" alt=\"\" decoding=\"async\" loading=\"lazy\" srcset=\"https:\/\/www.ckc-innsbruck.at\/home\/wp-content\/uploads\/2015\/10\/St.-Pankraz-Homepage-comp069-20150713_185220-20150723-200301St.-Pankraz-comp-150x84.jpg 150w, https:\/\/www.ckc-innsbruck.at\/home\/wp-content\/uploads\/2015\/10\/St.-Pankraz-Homepage-comp069-20150713_185220-20150723-200301St.-Pankraz-comp-300x169.jpg 300w, https:\/\/www.ckc-innsbruck.at\/home\/wp-content\/uploads\/2015\/10\/St.-Pankraz-Homepage-comp069-20150713_185220-20150723-200301St.-Pankraz-comp.jpg 800w\" sizes=\"(max-width: 150px) 100vw, 150px\" \/><\/a>\n\t\t\t<\/dt><\/dl><dl class='gallery-item'>\n\t\t\t<dt class='gallery-icon landscape'>\n\t\t\t\t<a href='https:\/\/www.ckc-innsbruck.at\/home\/wp-content\/uploads\/2015\/10\/St.-Pankraz-Homepage-comp024-IMG_4960-KopieSt.-Pankraz-comp.jpg'><img width=\"150\" height=\"150\" src=\"https:\/\/www.ckc-innsbruck.at\/home\/wp-content\/uploads\/2015\/10\/St.-Pankraz-Homepage-comp024-IMG_4960-KopieSt.-Pankraz-comp-150x150.jpg\" class=\"attachment-thumbnail size-thumbnail\" alt=\"\" decoding=\"async\" loading=\"lazy\" srcset=\"https:\/\/www.ckc-innsbruck.at\/home\/wp-content\/uploads\/2015\/10\/St.-Pankraz-Homepage-comp024-IMG_4960-KopieSt.-Pankraz-comp-150x150.jpg 150w, https:\/\/www.ckc-innsbruck.at\/home\/wp-content\/uploads\/2015\/10\/St.-Pankraz-Homepage-comp024-IMG_4960-KopieSt.-Pankraz-comp-300x300.jpg 300w, https:\/\/www.ckc-innsbruck.at\/home\/wp-content\/uploads\/2015\/10\/St.-Pankraz-Homepage-comp024-IMG_4960-KopieSt.-Pankraz-comp.jpg 800w\" sizes=\"(max-width: 150px) 100vw, 150px\" \/><\/a>\n\t\t\t<\/dt><\/dl><br style=\"clear: both\" \/>\n\t\t<\/div>\n\n<p>Es war eine durchaus gelungene Woche. F\u00fcr alle war was dabei. Schade dass manche nicht die ganze Woche dabei sein konnten. Jeder Tag hatte so viel zu bieten.\u00a0Manches\u00a0g\u00e4be es noch zu erz\u00e4hlen, mehr als Einblicke sind es nicht geworden. Am besten ihr reserviert euch die 1. Ferienwoche im Sommer und kommt mit.<\/p>\n<p><span style=\"font-size: 8pt;\">Text: Gerhard<\/span><\/p>\n<hr \/>\n<p>Frankreich&#8230; der Allier ruft!!<\/p>\n<p><img decoding=\"async\" loading=\"lazy\" class=\"alignnone wp-image-1880\" src=\"https:\/\/www.ckc-innsbruck.at\/home\/wp-content\/uploads\/2015\/11\/allier039.jpg\" alt=\"allier039\" width=\"904\" height=\"567\" \/><\/p>\n<p>13 wackere CKCler machen sich auf den Weg nach Issoire, in der N\u00e4he von Clermont-Ferrand. Unser R.G. besitzt dort eine urige umgebaute Scheune, die uns als Basislager dient. Alle kommen am Samstag an&#8230; fast alle. Die Familie Obmann macht \u00fcbers Wochenende einen unfreiwilligen Zwischenstopp in den Haute Alps.. das Auto versagt seinen Dienst.<\/p>\n<p style=\"text-align: justify;\">Als dann alle beieinander sind beginnt eine Woche, gemischt aus Paddeln, feiern, sightseeing und, und, und!\u00a0 Hier k\u00f6nnte jetzt ein seitenlanger Bericht stehen, aber um alle Details, Begebenheiten und Eindr\u00fccke zu schildern, m\u00fcsste der Autor ein Taschenbuch schreiben&#8230; \ud83d\ude09<\/p>\n<p style=\"text-align: justify;\">So verweise ich auf dieses Video, wo der geneigte Leser die Bilder ansehen kann:<\/p>\n<p><iframe loading=\"lazy\" src=\"https:\/\/www.youtube.com\/embed\/_mwHVQOY75Y\" width=\"100%\" height=\"480\" frameborder=\"0\" allowfullscreen=\"allowfullscreen\"><\/iframe><\/p>\n","protected":false},"excerpt":{"rendered":"<p>Juli 2019. Alle Jahre wieder zieht es uns nach Ober\u00f6sterreich. In unmittelbarer N\u00e4he zum wundersch\u00f6nen Stausee Klaus bewohnen wir eine rustikale H\u00fctte inmitten einer Waldlichtung bzw. haben dort unsere Zelte aufgeschlagen. Einige sch\u00f6ne Fl\u00fcsse in der N\u00e4he (Teichl, Steyr oder Traun) lassen das Paddlerherz h\u00f6her schlagen. Wenn ihr Vereinsmitglieder seid oder noch werden m\u00f6chtet, k\u00f6nnt [&hellip;]<\/p>\n","protected":false},"author":1,"featured_media":0,"comment_status":"open","ping_status":"open","sticky":false,"template":"","format":"standard","meta":[],"categories":[10],"tags":[],"_links":{"self":[{"href":"https:\/\/www.ckc-innsbruck.at\/home\/index.php?rest_route=\/wp\/v2\/posts\/4960"}],"collection":[{"href":"https:\/\/www.ckc-innsbruck.at\/home\/index.php?rest_route=\/wp\/v2\/posts"}],"about":[{"href":"https:\/\/www.ckc-innsbruck.at\/home\/index.php?rest_route=\/wp\/v2\/types\/post"}],"author":[{"embeddable":true,"href":"https:\/\/www.ckc-innsbruck.at\/home\/index.php?rest_route=\/wp\/v2\/users\/1"}],"replies":[{"embeddable":true,"href":"https:\/\/www.ckc-innsbruck.at\/home\/index.php?rest_route=%2Fwp%2Fv2%2Fcomments&post=4960"}],"version-history":[{"count":5,"href":"https:\/\/www.ckc-innsbruck.at\/home\/index.php?rest_route=\/wp\/v2\/posts\/4960\/revisions"}],"predecessor-version":[{"id":5094,"href":"https:\/\/www.ckc-innsbruck.at\/home\/index.php?rest_route=\/wp\/v2\/posts\/4960\/revisions\/5094"}],"wp:attachment":[{"href":"https:\/\/www.ckc-innsbruck.at\/home\/index.php?rest_route=%2Fwp%2Fv2%2Fmedia&parent=4960"}],"wp:term":[{"taxonomy":"category","embeddable":true,"href":"https:\/\/www.ckc-innsbruck.at\/home\/index.php?rest_route=%2Fwp%2Fv2%2Fcategories&post=4960"},{"taxonomy":"post_tag","embeddable":true,"href":"https:\/\/www.ckc-innsbruck.at\/home\/index.php?rest_route=%2Fwp%2Fv2%2Ftags&post=4960"}],"curies":[{"name":"wp","href":"https:\/\/api.w.org\/{rel}","templated":true}]}}